{"id":2471,"date":"2023-02-22T07:19:58","date_gmt":"2023-02-22T06:19:58","guid":{"rendered":"http:\/\/khaledosman.fr\/blog\/?p=2471"},"modified":"2023-02-22T07:19:58","modified_gmt":"2023-02-22T06:19:58","slug":"deux-jours-une-nuit","status":"publish","type":"post","link":"https:\/\/www.khaledosman.fr\/blog\/2023\/02\/deux-jours-une-nuit\/","title":{"rendered":"Deux jours, une nuit"},"content":{"rendered":"<p><strong>Vu au cin\u00e9ma \u00ab\u00a0Deux jours, une nuit\u00a0\u00bb, le nouveau film des fr\u00e8res Dardenne. C&rsquo;est l&rsquo;histoire de Sandra, une ouvri\u00e8re menac\u00e9e de licenciement qui a deux jours et une nuit pour convaincre ses coll\u00e8gues de renoncer \u00e0 leur prime afin qu&rsquo;elle puisse \u00eatre maintenue dans l&rsquo;effectif.<\/strong><\/p>\n<p><strong>Au vu de la bande-annonce, il y avait beaucoup de raisons de ne pas aller voir ce film: trop ancr\u00e9 dans le r\u00e9el (la vie du travail, tout \u00e7a), trop d\u00e9primant (Sandra est jou\u00e9e par Marion Cotillard, et en plus elle n&rsquo;arr\u00eate pas d&rsquo;avaler des cachets), trop r\u00e9p\u00e9titif (attendez, elle ne va quand m\u00eame pas aller voir ses coll\u00e8gues un par un?!). <\/strong><br \/>\n<strong>Mais tous ces motifs de pr\u00e9vention sont d\u00e9jou\u00e9s et finalement transform\u00e9s en atouts. Cette crise, dont on redoutait qu&rsquo;elle ressemble trop \u00e0 la \u00ab\u00a0vraie vie\u00a0\u00bb, cr\u00e9e une tension digne d&rsquo;un thriller, en plus poignant (car autant on se fout bien de savoir si les super-h\u00e9ros am\u00e9ricains vont l&#8217;emporter sur les m\u00e9chants, autant on est litt\u00e9ralement suspendu au sort de Sandra).<\/strong><\/p>\n<p><strong>Au-del\u00e0 du talent de r\u00e9alisation des Dardenne, il me semble que cette r\u00e9ussite tient \u00e0 leur point de vue radical qui fait de \u00ab\u00a0Deux jours, une nuit\u00a0\u00bb un vrai film politique. Radical ne veut pas dire manich\u00e9en: le patron de l&rsquo;entreprise est confront\u00e9 \u00e0 de vraies difficult\u00e9s, il n&rsquo;a r\u00e9ellement pas de quoi cumuler le salaire de Sandra et le paiement des primes, et il a un souci d&rsquo;\u00e9thique personnelle. M\u00eame le contrema\u00eetre, celui qui est soup\u00e7onn\u00e9 d&rsquo;avoir influenc\u00e9 le vote, a ses raisons. Si on en arrive l\u00e0, ce n&rsquo;est donc pas parce que ceux qui dirigent les unit\u00e9s de production sont des salauds, mais parce que le syst\u00e8me lui-m\u00eame est con\u00e7u pour s&rsquo;assurer la docilit\u00e9 des travailleurs en jouant sur leurs peurs, pour exploiter leurs faiblesses (Sandra, qui \u00e9tait en cong\u00e9-maladie pour d\u00e9pression, risque de ne pas \u00eatre aussi productive qu&rsquo;avant) et surtout pour les dresser les un contre les autres en les emp\u00eachant de se parler. <\/strong><\/p>\n<p><strong>Dans ce contexte, parler est non seulement difficile (\u00ab\u00a0je vais avoir l&rsquo;air d&rsquo;une mendiante&#8230;\u00a0\u00bb), mais fastidieux: il faut r\u00e9p\u00e9ter cinq fois, dix fois, quinze fois la m\u00eame phrase (\u00ab\u00a0&#8230;alors je voulais te demander si tu serais d&rsquo;accord pour&#8230;\u00a0\u00bb). Tout autre r\u00e9alisateur que les Dardenne aurait recouru \u00e0 l&rsquo;ellipse, un petit fondu au noir pour nous dire \u00ab\u00a0et ainsi de suite\u00a0\u00bb. Mais chacune de ces it\u00e9rations nous montre des humains en train de se parler, et comment le discours agit diff\u00e9remment sur chacun d&rsquo;entre eux, avec son individualit\u00e9 et ses contraintes propres. S&rsquo;exprimer par la parole dans ce face-\u00e0-face est le seul moyen pour Sandra d&rsquo;exister en tant que personne et non comme terme d&rsquo;une froide \u00e9quation (la prime ou le licenciement abstrait d&rsquo;une employ\u00e9e jusque-l\u00e0 absente). Surtout, l&rsquo;ellipse est &#8211; comme le travelling &#8211; une affaire de morale, et ici, elle aurait \u00e9t\u00e9 odieuse: dans la \u00ab\u00a0vraie vie\u00a0\u00bb, personne ne vient vous soulager par un fondu au noir du fastidieux combat qu&rsquo;il vous faut mener pour une existence digne&#8230;<\/strong><\/p>\n<p><strong>Copyright Khaled Osman (juin 2014)<\/strong><\/p>\n","protected":false},"excerpt":{"rendered":"<p>Vu au cin\u00e9ma \u00ab\u00a0Deux jours, une nuit\u00a0\u00bb, le nouveau film des fr\u00e8res Dardenne. C&rsquo;est l&rsquo;histoire de Sandra, une ouvri\u00e8re menac\u00e9e de licenciement qui a deux jours et une nuit pour convaincre ses coll\u00e8gues de renoncer \u00e0 leur prime afin qu&rsquo;elle&hellip;<\/p>\n<p class=\"more-link-p\"><a class=\"more-link\" href=\"https:\/\/www.khaledosman.fr\/blog\/2023\/02\/deux-jours-une-nuit\/\">Read more &rarr;<\/a><\/p>\n","protected":false},"author":2,"featured_media":0,"comment_status":"open","ping_status":"closed","sticky":false,"template":"","format":"standard","meta":{"footnotes":""},"categories":[3,150],"tags":[151,152],"class_list":["post-2471","post","type-post","status-publish","format-standard","hentry","category-cinema","category-critique-de-film","tag-freres-dardenne","tag-marion-cotillard"],"_links":{"self":[{"href":"https:\/\/www.khaledosman.fr\/blog\/wp-json\/wp\/v2\/posts\/2471","targetHints":{"allow":["GET"]}}],"collection":[{"href":"https:\/\/www.khaledosman.fr\/blog\/wp-json\/wp\/v2\/posts"}],"about":[{"href":"https:\/\/www.khaledosman.fr\/blog\/wp-json\/wp\/v2\/types\/post"}],"author":[{"embeddable":true,"href":"https:\/\/www.khaledosman.fr\/blog\/wp-json\/wp\/v2\/users\/2"}],"replies":[{"embeddable":true,"href":"https:\/\/www.khaledosman.fr\/blog\/wp-json\/wp\/v2\/comments?post=2471"}],"version-history":[{"count":0,"href":"https:\/\/www.khaledosman.fr\/blog\/wp-json\/wp\/v2\/posts\/2471\/revisions"}],"wp:attachment":[{"href":"https:\/\/www.khaledosman.fr\/blog\/wp-json\/wp\/v2\/media?parent=2471"}],"wp:term":[{"taxonomy":"category","embeddable":true,"href":"https:\/\/www.khaledosman.fr\/blog\/wp-json\/wp\/v2\/categories?post=2471"},{"taxonomy":"post_tag","embeddable":true,"href":"https:\/\/www.khaledosman.fr\/blog\/wp-json\/wp\/v2\/tags?post=2471"}],"curies":[{"name":"wp","href":"https:\/\/api.w.org\/{rel}","templated":true}]}}