{"id":2506,"date":"2023-02-22T12:30:17","date_gmt":"2023-02-22T11:30:17","guid":{"rendered":"http:\/\/khaledosman.fr\/blog\/?p=2506"},"modified":"2023-02-22T17:04:53","modified_gmt":"2023-02-22T16:04:53","slug":"ah","status":"publish","type":"post","link":"https:\/\/www.khaledosman.fr\/blog\/2023\/02\/ah\/","title":{"rendered":"Ah."},"content":{"rendered":"<p><strong>Lus ce matin dans Lib\u00e9ration, les propos de Patrick Modiano tels que rapport\u00e9s par \u00c9douard Launet, qui assistait \u00e0 la conf\u00e9rence de presse organis\u00e9e chez Gallimard apr\u00e8s l&rsquo;annonce du Nobel de litt\u00e9rature d\u00e9cern\u00e9 \u00e0 l&rsquo;\u00e9crivain:<\/strong><\/p>\n<p><strong>Il \u00e9tait en train de marcher dans la rue vers 13h15 quand il a appris la nouvelle. Qu&rsquo;a-t-il fait alors?<\/strong><br \/>\n<strong>\u00ab\u00a0J&rsquo;ai continu\u00e9 \u00e0 marcher.\u00a0\u00bb <\/strong><br \/>\n<strong>Mais pourquoi?<\/strong><br \/>\n<strong>\u00ab\u00a0Mais parce que c&rsquo;\u00e9tait un peu&#8230; enfin je veux dire, c&rsquo;\u00e9tait surtout&#8230;\u00a0\u00bb<\/strong><br \/>\n<strong>Les phrases termin\u00e9es seront rares, mais il y en aura, notamment: [&#8230;]<\/strong><br \/>\n<strong>\u00ab\u00a0\u00c9crivain, on est toujours un peu aveugle sur ce que l&rsquo;on \u00e9crit. J&rsquo;ai h\u00e2te de conna\u00eetre les raisons pour lesquelles j&rsquo;ai \u00e9t\u00e9 choisi, pour m&rsquo;\u00e9clairer moi-m\u00eame.\u00a0\u00bb<\/strong><br \/>\n<strong>On les lui donne. Il fait:<\/strong><br \/>\n<strong>\u00ab\u00a0Ah.\u00a0\u00bb<\/strong><\/p>\n<p><strong>J&rsquo;aime litt\u00e9rairement l&rsquo;\u00e9crivain, mais j&rsquo;adore encore plus le personnage&#8230;<\/strong><\/p>\n<p><strong>Copyright Khaled Osman (octobre 214)<\/strong><\/p>\n<p>&nbsp;<\/p>\n","protected":false},"excerpt":{"rendered":"<p>Lus ce matin dans Lib\u00e9ration, les propos de Patrick Modiano tels que rapport\u00e9s par \u00c9douard Launet, qui assistait \u00e0 la conf\u00e9rence de presse organis\u00e9e chez Gallimard apr\u00e8s l&rsquo;annonce du Nobel de litt\u00e9rature d\u00e9cern\u00e9 \u00e0 l&rsquo;\u00e9crivain: Il \u00e9tait en train de&hellip;<\/p>\n<p class=\"more-link-p\"><a class=\"more-link\" href=\"https:\/\/www.khaledosman.fr\/blog\/2023\/02\/ah\/\">Read more &rarr;<\/a><\/p>\n","protected":false},"author":2,"featured_media":0,"comment_status":"open","ping_status":"closed","sticky":false,"template":"","format":"standard","meta":{"footnotes":""},"categories":[5],"tags":[83,30,35],"class_list":["post-2506","post","type-post","status-publish","format-standard","hentry","category-litterature","tag-litterature-francaise","tag-nobel","tag-modiano"],"_links":{"self":[{"href":"https:\/\/www.khaledosman.fr\/blog\/wp-json\/wp\/v2\/posts\/2506","targetHints":{"allow":["GET"]}}],"collection":[{"href":"https:\/\/www.khaledosman.fr\/blog\/wp-json\/wp\/v2\/posts"}],"about":[{"href":"https:\/\/www.khaledosman.fr\/blog\/wp-json\/wp\/v2\/types\/post"}],"author":[{"embeddable":true,"href":"https:\/\/www.khaledosman.fr\/blog\/wp-json\/wp\/v2\/users\/2"}],"replies":[{"embeddable":true,"href":"https:\/\/www.khaledosman.fr\/blog\/wp-json\/wp\/v2\/comments?post=2506"}],"version-history":[{"count":0,"href":"https:\/\/www.khaledosman.fr\/blog\/wp-json\/wp\/v2\/posts\/2506\/revisions"}],"wp:attachment":[{"href":"https:\/\/www.khaledosman.fr\/blog\/wp-json\/wp\/v2\/media?parent=2506"}],"wp:term":[{"taxonomy":"category","embeddable":true,"href":"https:\/\/www.khaledosman.fr\/blog\/wp-json\/wp\/v2\/categories?post=2506"},{"taxonomy":"post_tag","embeddable":true,"href":"https:\/\/www.khaledosman.fr\/blog\/wp-json\/wp\/v2\/tags?post=2506"}],"curies":[{"name":"wp","href":"https:\/\/api.w.org\/{rel}","templated":true}]}}