{"id":2546,"date":"2023-02-22T16:24:47","date_gmt":"2023-02-22T15:24:47","guid":{"rendered":"http:\/\/khaledosman.fr\/blog\/?p=2546"},"modified":"2023-02-22T16:24:47","modified_gmt":"2023-02-22T15:24:47","slug":"lamma-choftak","status":"publish","type":"post","link":"https:\/\/www.khaledosman.fr\/blog\/2023\/02\/lamma-choftak\/","title":{"rendered":"Lamma choftak"},"content":{"rendered":"<p><strong>Vu hier au cin\u00e9ma \u00ab\u00a0Les 3 Luxembourg\u00a0\u00bb \u0644\u0645\u0651\u0627 \u0634\u064f\u0641\u062a\u0643 (Lamma choftak &#8211; \u00ab\u00a0Lorsque je t&rsquo;ai vu\u00a0\u00bb), le nouveau film de la r\u00e9alisatrice palestinienne Annemarie Jacir projet\u00e9 en ouverture du Festival Cin\u00e9-Palestine qui se tient du 29 mai au 7 juin \u00e0 Paris, Saint-Denis et Aubervilliers.<\/strong><\/p>\n<p><strong>Synopsis:<\/strong><br \/>\n<strong>1967. Des milliers de Palestiniens se re\u0301unissent afin de tenter de franchir la frontie\u0300re qui les se\u0301pare de leur patrie perdue. Apre\u0300s avoir e\u0301te\u0301 se\u0301pare\u0301 de son pe\u0300re au milieu du chaos de la guerre, Tarek, un jeune garc\u0327on curieux de onze ans et sa me\u0300re Ghaydaa se retrouvent parmi une vague de re\u0301fugie\u0301s. Guide\u0301 par le besoin de revoir son pe\u0300re,Tarek de\u0301cide de quitter le camp&#8230;<\/strong><\/p>\n<p><strong>Mon avis: <\/strong><br \/>\n<strong>Le film se situe au lendemain de la trag\u00e9die de 1967, lorsque l&rsquo;expansion de l&rsquo;\u00c9tat d&rsquo;Isra\u00ebl d\u00e9racina une nouvelle fois des millions de Palestiniens de leurs foyers.<\/strong><\/p>\n<p><strong>Cette trag\u00e9die, nous la revivons \u00e0 travers le regard de Tarek, un petit gar\u00e7on palestinien attachant qui vit avec sa m\u00e8re dans les conditions mis\u00e9rables d&rsquo;un camp de r\u00e9fugi\u00e9s. Tarek est rejet\u00e9 de l&rsquo;\u00e9cole du camp parce qu&rsquo;il ne sait pas lire (il a pourtant de fabuleuses capacit\u00e9s de calcul), et sa m\u00e8re est en butte \u00e0 la convoitise des hommes sur cette femme seule qu&rsquo;ils per\u00e7oivent comme une proie.<\/strong><\/p>\n<p><strong>Apr\u00e8s une fugue de Tarek, d\u00e9termin\u00e9 \u00e0 retrouver envers et contre tout le chemin de sa maison, Ghaidaa rejoint son fils, qui a \u00e9t\u00e9 recueilli par un groupe de fedayin, hommes et femmes issus d&rsquo;horizons divers mais unis par un m\u00eame id\u00e9al: la lib\u00e9ration de leur terre. Ensemble, tous vont partager quelques jours de libert\u00e9 et de communion qui vont les distraire de leur quotidien morne et, qui sait, les rapprocher de leur r\u00eave.<\/strong><\/p>\n<p><strong>Un beau film, lent et po\u00e9tique, savamment mis en sc\u00e8ne par Annemarie Jacir (la merveilleuse r\u00e9alisatrice du \u00ab\u00a0Sel de la mer\u00a0\u00bb) et interpr\u00e9t\u00e9 par des acteurs tr\u00e8s bien dirig\u00e9s. L&rsquo;histoire nous ram\u00e8ne loin en arri\u00e8re, ce qui peut surprendre les admirateurs de son film pr\u00e9c\u00e9dent qui \u00e9tait tr\u00e8s contemporain. Mais ce choix se r\u00e9v\u00e8le coh\u00e9rent avec l&rsquo;ambition du film: revisiter une trag\u00e9die trop longtemps confisqu\u00e9e par les discours politiques vains, et remettre au premier plan sa dimension humaine, celle de la souffrance et de l&rsquo;espoir.<\/strong><\/p>\n<p><strong>Projet\u00e9 dans une salle comble (on a refus\u00e9 du monde) en pr\u00e9sence de la r\u00e9alisatrice et de son acteur fid\u00e8le Saleh Bakri, le film augure bien de cette 1\u00e8re \u00e9dition du festival, que les organisateurs se sont d\u00e9men\u00e9s pour mettre en place malgr\u00e9 le peu de soutien institutionnel.<\/strong><\/p>\n<p><strong>Copyright Khaled Osman (mai 2015)<\/strong><\/p>\n","protected":false},"excerpt":{"rendered":"<p>Vu hier au cin\u00e9ma \u00ab\u00a0Les 3 Luxembourg\u00a0\u00bb \u0644\u0645\u0651\u0627 \u0634\u064f\u0641\u062a\u0643 (Lamma choftak &#8211; \u00ab\u00a0Lorsque je t&rsquo;ai vu\u00a0\u00bb), le nouveau film de la r\u00e9alisatrice palestinienne Annemarie Jacir projet\u00e9 en ouverture du Festival Cin\u00e9-Palestine qui se tient du 29 mai au 7 juin&hellip;<\/p>\n<p class=\"more-link-p\"><a class=\"more-link\" href=\"https:\/\/www.khaledosman.fr\/blog\/2023\/02\/lamma-choftak\/\">Read more &rarr;<\/a><\/p>\n","protected":false},"author":2,"featured_media":0,"comment_status":"open","ping_status":"closed","sticky":false,"template":"","format":"standard","meta":{"footnotes":""},"categories":[3,150],"tags":[170,16],"class_list":["post-2546","post","type-post","status-publish","format-standard","hentry","category-cinema","category-critique-de-film","tag-anne-marie-jacir","tag-palestine"],"_links":{"self":[{"href":"https:\/\/www.khaledosman.fr\/blog\/wp-json\/wp\/v2\/posts\/2546","targetHints":{"allow":["GET"]}}],"collection":[{"href":"https:\/\/www.khaledosman.fr\/blog\/wp-json\/wp\/v2\/posts"}],"about":[{"href":"https:\/\/www.khaledosman.fr\/blog\/wp-json\/wp\/v2\/types\/post"}],"author":[{"embeddable":true,"href":"https:\/\/www.khaledosman.fr\/blog\/wp-json\/wp\/v2\/users\/2"}],"replies":[{"embeddable":true,"href":"https:\/\/www.khaledosman.fr\/blog\/wp-json\/wp\/v2\/comments?post=2546"}],"version-history":[{"count":0,"href":"https:\/\/www.khaledosman.fr\/blog\/wp-json\/wp\/v2\/posts\/2546\/revisions"}],"wp:attachment":[{"href":"https:\/\/www.khaledosman.fr\/blog\/wp-json\/wp\/v2\/media?parent=2546"}],"wp:term":[{"taxonomy":"category","embeddable":true,"href":"https:\/\/www.khaledosman.fr\/blog\/wp-json\/wp\/v2\/categories?post=2546"},{"taxonomy":"post_tag","embeddable":true,"href":"https:\/\/www.khaledosman.fr\/blog\/wp-json\/wp\/v2\/tags?post=2546"}],"curies":[{"name":"wp","href":"https:\/\/api.w.org\/{rel}","templated":true}]}}