{"id":2554,"date":"2023-02-22T16:34:01","date_gmt":"2023-02-22T15:34:01","guid":{"rendered":"http:\/\/khaledosman.fr\/blog\/?p=2554"},"modified":"2023-02-22T16:34:54","modified_gmt":"2023-02-22T15:34:54","slug":"playlist","status":"publish","type":"post","link":"https:\/\/www.khaledosman.fr\/blog\/2023\/02\/playlist\/","title":{"rendered":"Playlist"},"content":{"rendered":"<p><strong>Reprise des programmes \u00e0 Radio France: l&rsquo;un des m\u00e9rites de cette gr\u00e8ve est d&rsquo;avoir sensibilis\u00e9 les cha\u00eenes au fait qu&rsquo;une des missions du service public est de faire d\u00e9couvrir de jeunes talents ext\u00e9rieurs. Apr\u00e8s le 7-9 de France Inter qui recevait la semaine derni\u00e8re le jeune penseur Philippe Val &#8211; ancien directeur de France Inter -, la Matinale de France Culture recevait ce matin le jeune philosophe Alain Finkielkraut &#8211; titulaire \u00e0 vie d&rsquo;une \u00e9mission sur France Culture (floril\u00e8ge):<\/strong><\/p>\n<p><strong>\u00ab\u00a0Sur le t\u00e9l\u00e9phone portable: les villes du monde sont pleines de psychotiques qui parcourent les rues avec des fils qui leur d\u00e9goulinent des oreilles.\u00a0\u00bb<\/strong><br \/>\n<strong>\u00ab\u00a0Sur le m\u00e9lange: du fait de la Grande Migration, une grande partie des habitants de notre pays se sentent menac\u00e9s par une ins\u00e9curit\u00e9 culturelle.\u00a0\u00bb<\/strong><br \/>\n<strong>\u00ab\u00a0Sur l&rsquo;islamophobie: je veux bien admettre qu&rsquo;il y a un racisme envers les musulmans de France, mais ghhtd*fvjj xstt!hhh ytf?&amp;xch [la phrase, commenc\u00e9e par cette concession stup\u00e9fiante, devient totalement incompr\u00e9hensible pour s&rsquo;achever par une d\u00e9nonciation enflamm\u00e9e de&#8230;] l&rsquo;antis\u00e9mitisme qui frappe les juifs.\u00a0\u00bb<\/strong><\/p>\n<p><strong>Euh, s&rsquo;il-vous-pla\u00eet, on peut remettre les playlists?<\/strong><\/p>\n<p><strong>Copyright Khaled Osman<\/strong><\/p>\n","protected":false},"excerpt":{"rendered":"<p>Reprise des programmes \u00e0 Radio France: l&rsquo;un des m\u00e9rites de cette gr\u00e8ve est d&rsquo;avoir sensibilis\u00e9 les cha\u00eenes au fait qu&rsquo;une des missions du service public est de faire d\u00e9couvrir de jeunes talents ext\u00e9rieurs. Apr\u00e8s le 7-9 de France Inter qui&hellip;<\/p>\n<p class=\"more-link-p\"><a class=\"more-link\" href=\"https:\/\/www.khaledosman.fr\/blog\/2023\/02\/playlist\/\">Read more &rarr;<\/a><\/p>\n","protected":false},"author":2,"featured_media":0,"comment_status":"open","ping_status":"closed","sticky":false,"template":"","format":"standard","meta":{"footnotes":""},"categories":[1],"tags":[121],"class_list":["post-2554","post","type-post","status-publish","format-standard","hentry","category-uncategorized","tag-philosophie"],"_links":{"self":[{"href":"https:\/\/www.khaledosman.fr\/blog\/wp-json\/wp\/v2\/posts\/2554","targetHints":{"allow":["GET"]}}],"collection":[{"href":"https:\/\/www.khaledosman.fr\/blog\/wp-json\/wp\/v2\/posts"}],"about":[{"href":"https:\/\/www.khaledosman.fr\/blog\/wp-json\/wp\/v2\/types\/post"}],"author":[{"embeddable":true,"href":"https:\/\/www.khaledosman.fr\/blog\/wp-json\/wp\/v2\/users\/2"}],"replies":[{"embeddable":true,"href":"https:\/\/www.khaledosman.fr\/blog\/wp-json\/wp\/v2\/comments?post=2554"}],"version-history":[{"count":0,"href":"https:\/\/www.khaledosman.fr\/blog\/wp-json\/wp\/v2\/posts\/2554\/revisions"}],"wp:attachment":[{"href":"https:\/\/www.khaledosman.fr\/blog\/wp-json\/wp\/v2\/media?parent=2554"}],"wp:term":[{"taxonomy":"category","embeddable":true,"href":"https:\/\/www.khaledosman.fr\/blog\/wp-json\/wp\/v2\/categories?post=2554"},{"taxonomy":"post_tag","embeddable":true,"href":"https:\/\/www.khaledosman.fr\/blog\/wp-json\/wp\/v2\/tags?post=2554"}],"curies":[{"name":"wp","href":"https:\/\/api.w.org\/{rel}","templated":true}]}}