{"id":2760,"date":"2023-03-03T21:53:04","date_gmt":"2023-03-03T20:53:04","guid":{"rendered":"http:\/\/khaledosman.fr\/blog\/?p=2760"},"modified":"2023-03-03T21:56:59","modified_gmt":"2023-03-03T20:56:59","slug":"commandeur","status":"publish","type":"post","link":"https:\/\/www.khaledosman.fr\/blog\/2023\/03\/commandeur\/","title":{"rendered":"Commandeur"},"content":{"rendered":"<p><strong>\u00ab\u00a0Ici tout le monde avait peur: de la censure, des filatures, des gens, des maisons, des murs dont on pensait qu\u2019ils avaient des oreilles. Les gens se m\u00e9fiaient de leur propre ombre, et aussi de moi. Avaient-ils r\u00e9ellement peur de moi? Oui, sans aucun doute ils me redoutaient. Tout comme ils avaient peur d\u2019eux-m\u00eames du reste, craignant de prononcer involontairement tel ou tel mot, de laisser \u00e9chapper tel ou tel aveu, de formuler telle ou telle critique qui porterait atteinte \u00e0 son Excellence le Commandeur.<\/strong><\/p>\n<p><strong>Abou\u2019l-Yomn \u00e9tait celui qui s\u2019exprimait avec le plus de franchise, mais il se mettait tout de m\u00eame des limites. Il me confia que ses id\u00e9es les plus t\u00e9m\u00e9raires, il ne les exprimait qu\u2019en pr\u00e9sence du Commandeur lui-m\u00eame. Au d\u00e9but je ne le crus pas, mais il m\u2019expliqua que sa tactique s\u2019appuyait sur cette v\u00e9rit\u00e9 que tout humain aspire \u00e0 ce qui lui manque le plus dans la vie.<\/strong><\/p>\n<p><strong>\u00abOr moi, poursuivit-il, je sais depuis la p\u00e9riode o\u00f9 nous \u00e9tions camarades d\u2019\u00e9tudes ce qui manque au Commandeur: pour vivre, il a besoin que quelqu\u2019un lui r\u00e9v\u00e8le le gouffre qu\u2019il creuse chaque jour. Oh, cela ne l\u2019am\u00e8ne pas \u00e0 le combler, ni m\u00eame \u00e0 cesser de le creuser, mais il lui faut sentir \u00e0 quel point il s\u2019y enfonce.<\/strong><br \/>\n<strong>\u2014 Comment \u00e7a, demandai-je \u00e0 Abou\u2019l-Yomn, il sait qu\u2019il est dedans et qu\u2019il tombe inexorablement, mais il a besoin de parvenir \u00e0 la pl\u00e9nitude de cette sensation?<\/strong><br \/>\n<strong>\u2014 Exactement, cette recherche de pl\u00e9nitude est en fait une qu\u00eate de la mort: la volont\u00e9 de s\u2019enfoncer toujours plus profond\u00e9ment. Il se peut m\u00eame que pour lui cette pl\u00e9nitude extr\u00eame soit repr\u00e9sent\u00e9e par le gouffre lui-m\u00eame.<\/strong><br \/>\n<strong>\u2014 Mais cette id\u00e9e risque de le choquer, fis-je observer, il pourrait t\u2019interdire d\u2019exprimer ton opinion, voire te tuer.<\/strong><br \/>\n<strong>\u2014 En effet, acquies\u00e7a-t-il, il en a le pouvoir, et il a d\u00e9j\u00e0 assassin\u00e9 beaucoup de gens pour les raisons les plus futiles. Cependant, il ne peut pas \u00e9liminer tous ses d\u00e9tracteurs. Si jamais il les tuait tous ou les faisait taire, il n\u2019aurait plus que lui-m\u00eame \u00e0 qui parler. Imagine ton accablement si tu \u00e9tais condamn\u00e9 \u00e0 te parler \u00e0 toi-m\u00eame !\u00bb\u00a0\u00bb<\/strong><br \/>\n<strong>&#8212;&#8212;&#8211;<\/strong><br \/>\n<strong>Extrait du roman d&rsquo;Ali Al-Muqri, <em>Le Pays du Commandeur<\/em>, traduit de l&rsquo;arabe (Y\u00e9men) par Ola Mehanna et Khaled Osman, \u00e9ditions Liana Levi, mars 2020<\/strong><\/p>\n","protected":false},"excerpt":{"rendered":"<p>\u00ab\u00a0Ici tout le monde avait peur: de la censure, des filatures, des gens, des maisons, des murs dont on pensait qu\u2019ils avaient des oreilles. Les gens se m\u00e9fiaient de leur propre ombre, et aussi de moi. Avaient-ils r\u00e9ellement peur de&hellip;<\/p>\n<p class=\"more-link-p\"><a class=\"more-link\" href=\"https:\/\/www.khaledosman.fr\/blog\/2023\/03\/commandeur\/\">Read more &rarr;<\/a><\/p>\n","protected":false},"author":2,"featured_media":0,"comment_status":"open","ping_status":"closed","sticky":false,"template":"","format":"standard","meta":{"footnotes":""},"categories":[182,5],"tags":[139,92,107,53],"class_list":["post-2760","post","type-post","status-publish","format-standard","hentry","category-extraitlitteraire","category-litterature","tag-ali-al-muqri","tag-khaled-osman-traducteur","tag-litterature-arabe","tag-yemen"],"_links":{"self":[{"href":"https:\/\/www.khaledosman.fr\/blog\/wp-json\/wp\/v2\/posts\/2760","targetHints":{"allow":["GET"]}}],"collection":[{"href":"https:\/\/www.khaledosman.fr\/blog\/wp-json\/wp\/v2\/posts"}],"about":[{"href":"https:\/\/www.khaledosman.fr\/blog\/wp-json\/wp\/v2\/types\/post"}],"author":[{"embeddable":true,"href":"https:\/\/www.khaledosman.fr\/blog\/wp-json\/wp\/v2\/users\/2"}],"replies":[{"embeddable":true,"href":"https:\/\/www.khaledosman.fr\/blog\/wp-json\/wp\/v2\/comments?post=2760"}],"version-history":[{"count":0,"href":"https:\/\/www.khaledosman.fr\/blog\/wp-json\/wp\/v2\/posts\/2760\/revisions"}],"wp:attachment":[{"href":"https:\/\/www.khaledosman.fr\/blog\/wp-json\/wp\/v2\/media?parent=2760"}],"wp:term":[{"taxonomy":"category","embeddable":true,"href":"https:\/\/www.khaledosman.fr\/blog\/wp-json\/wp\/v2\/categories?post=2760"},{"taxonomy":"post_tag","embeddable":true,"href":"https:\/\/www.khaledosman.fr\/blog\/wp-json\/wp\/v2\/tags?post=2760"}],"curies":[{"name":"wp","href":"https:\/\/api.w.org\/{rel}","templated":true}]}}