{"id":3010,"date":"2023-04-04T07:44:48","date_gmt":"2023-04-04T05:44:48","guid":{"rendered":"https:\/\/www.khaledosman.fr\/blog\/?p=3010"},"modified":"2023-05-01T15:38:01","modified_gmt":"2023-05-01T13:38:01","slug":"jai-bien-failli-ne-pas-voir-vos-visages","status":"publish","type":"post","link":"https:\/\/www.khaledosman.fr\/blog\/2023\/04\/jai-bien-failli-ne-pas-voir-vos-visages\/","title":{"rendered":"Je verrai toujours vos visages"},"content":{"rendered":"<p><span style=\"color: #000000;\"><strong>J&rsquo;ai bien failli ne pas aller les voir, les visages du nouveau film de Jeanne Herry, pourtant intitul\u00e9 <em>Je verrai toujours vos visages.<\/em><\/strong><\/span><\/p>\n<p><img loading=\"lazy\" decoding=\"async\" class=\"alignnone size-medium wp-image-3016\" src=\"https:\/\/www.khaledosman.fr\/blog\/wp-content\/uploads\/2023\/04\/6423e9dc5c328_5603857-jpg-r-1920-1080-f-jpg-q-x-xxyxx-223x300.jpg\" alt=\"Affiche du film &quot;Je verrai toujours vos visages&quot;\" width=\"223\" height=\"300\" srcset=\"https:\/\/www.khaledosman.fr\/blog\/wp-content\/uploads\/2023\/04\/6423e9dc5c328_5603857-jpg-r-1920-1080-f-jpg-q-x-xxyxx-223x300.jpg 223w, https:\/\/www.khaledosman.fr\/blog\/wp-content\/uploads\/2023\/04\/6423e9dc5c328_5603857-jpg-r-1920-1080-f-jpg-q-x-xxyxx-560x754.jpg 560w, https:\/\/www.khaledosman.fr\/blog\/wp-content\/uploads\/2023\/04\/6423e9dc5c328_5603857-jpg-r-1920-1080-f-jpg-q-x-xxyxx-260x350.jpg 260w, https:\/\/www.khaledosman.fr\/blog\/wp-content\/uploads\/2023\/04\/6423e9dc5c328_5603857-jpg-r-1920-1080-f-jpg-q-x-xxyxx-160x215.jpg 160w, https:\/\/www.khaledosman.fr\/blog\/wp-content\/uploads\/2023\/04\/6423e9dc5c328_5603857-jpg-r-1920-1080-f-jpg-q-x-xxyxx.jpg 719w\" sizes=\"auto, (max-width: 223px) 100vw, 223px\" \/><\/p>\n<p><span style=\"color: #000000;\"><strong>La faute \u00e0 qui? Eh bien cela va peut-\u00eatre vous surprendre, mais \u00e0&#8230; Denis Podalyd\u00e8s, qui occupe \u00e0 lui seul 50% de la bande-annonce (laquelle, soit dit en passant, est bien trop d\u00e9monstrative et conviendrait mieux \u00e0 un documentaire t\u00e9l\u00e9vis\u00e9). \u00c0 croire qu&rsquo;il est consid\u00e9r\u00e9 comme un produit d&rsquo;appel, alors que moi \u00e7a me fait l&rsquo;effet inverse. Il n&rsquo;y est pour rien, le pauvre: c&rsquo;est parce qu&rsquo;il joue bien. Tellement bien qu&rsquo;on se l&rsquo;arrache, de sorte qu&rsquo;il est distribu\u00e9 dans pr\u00e8s de 90% des films fran\u00e7ais. Bon, j&rsquo;exag\u00e8re un peu mais tant pis, vous me connaissez. <\/strong><\/span><br \/>\n<span style=\"color: #000000;\"><strong>D&rsquo;o\u00f9 un l\u00e9ger sentiment de trop-plein, un peu comme avec la s\u00e9rie des Martine: Podalyd\u00e8s \u00e0 la plage, Podalyd\u00e8s en psychologue, Podalyd\u00e8s en mari cocu, Podalyd\u00e8s en criminel bipolaire, etc. Bon, je vais me faire d\u00e9tester mais tant pis, vous me connaissez. <\/strong><\/span><br \/>\n<span style=\"color: #000000;\"><strong>En m\u00eame temps je ne pense pas \u00eatre suffisamment influent pour qu&rsquo;il se retrouve subitement sans travail \u00e0 la suite de ce post.<\/strong><\/span><\/p>\n<p><span style=\"color: #000000;\"><strong>Mais voil\u00e0, apr\u00e8s r\u00e9flexion, je me suis dit que ce serait injuste de faire payer au film cet abus de bons acteurs. Car de bons acteurs, il y en a plein d&rsquo;autres: Ad\u00e8le Exarchopoulos, Dali Benssalah, Leila Bekhti, \u00c9lodie Bouchez, Suliane Brahim, Gilles Lellouche, Fred Testot, Miou-Miou, Jean-Pierre Darroussin&#8230;<\/strong><\/span><br \/>\n<span style=\"color: #000000;\"><strong>Ah, Jean-Pierre Darroussin! En voil\u00e0 un qu&rsquo;on devrait utiliser davantage! Commencez donc par le mettre dans les bandes-annonces des 10% de films o\u00f9 Denis Podalyd\u00e8s ne joue pas, ce sera un bon d\u00e9but.<\/strong><\/span><br \/>\n<span style=\"color: #000000;\"><strong>Et courez voir &#8211; que vous aimiez ou non Denis Podalyd\u00e8s (il ne joue que dans 5% des sc\u00e8nes du film) &#8211; <em>Je verrai toujours vos visages<\/em> !<\/strong><\/span><\/p>\n","protected":false},"excerpt":{"rendered":"<p>J&rsquo;ai bien failli ne pas aller les voir, les visages du nouveau film de Jeanne Herry, pourtant intitul\u00e9 Je verrai toujours vos visages. La faute \u00e0 qui? Eh bien cela va peut-\u00eatre vous surprendre, mais \u00e0&#8230; Denis Podalyd\u00e8s, qui occupe&hellip;<\/p>\n<p class=\"more-link-p\"><a class=\"more-link\" href=\"https:\/\/www.khaledosman.fr\/blog\/2023\/04\/jai-bien-failli-ne-pas-voir-vos-visages\/\">Read more &rarr;<\/a><\/p>\n","protected":false},"author":2,"featured_media":0,"comment_status":"open","ping_status":"closed","sticky":false,"template":"","format":"standard","meta":{"footnotes":""},"categories":[3,150],"tags":[275,274,273],"class_list":["post-3010","post","type-post","status-publish","format-standard","hentry","category-cinema","category-critique-de-film","tag-denis-podalydes","tag-jean-pierre-darroussin","tag-jeanne-herry"],"_links":{"self":[{"href":"https:\/\/www.khaledosman.fr\/blog\/wp-json\/wp\/v2\/posts\/3010","targetHints":{"allow":["GET"]}}],"collection":[{"href":"https:\/\/www.khaledosman.fr\/blog\/wp-json\/wp\/v2\/posts"}],"about":[{"href":"https:\/\/www.khaledosman.fr\/blog\/wp-json\/wp\/v2\/types\/post"}],"author":[{"embeddable":true,"href":"https:\/\/www.khaledosman.fr\/blog\/wp-json\/wp\/v2\/users\/2"}],"replies":[{"embeddable":true,"href":"https:\/\/www.khaledosman.fr\/blog\/wp-json\/wp\/v2\/comments?post=3010"}],"version-history":[{"count":0,"href":"https:\/\/www.khaledosman.fr\/blog\/wp-json\/wp\/v2\/posts\/3010\/revisions"}],"wp:attachment":[{"href":"https:\/\/www.khaledosman.fr\/blog\/wp-json\/wp\/v2\/media?parent=3010"}],"wp:term":[{"taxonomy":"category","embeddable":true,"href":"https:\/\/www.khaledosman.fr\/blog\/wp-json\/wp\/v2\/categories?post=3010"},{"taxonomy":"post_tag","embeddable":true,"href":"https:\/\/www.khaledosman.fr\/blog\/wp-json\/wp\/v2\/tags?post=3010"}],"curies":[{"name":"wp","href":"https:\/\/api.w.org\/{rel}","templated":true}]}}