{"id":3209,"date":"2024-12-12T12:45:31","date_gmt":"2024-12-12T11:45:31","guid":{"rendered":"https:\/\/www.khaledosman.fr\/blog\/?p=3209"},"modified":"2024-12-12T12:45:31","modified_gmt":"2024-12-12T11:45:31","slug":"en-attendant-que-les-larmes-se-transforment-en-ailes","status":"publish","type":"post","link":"https:\/\/www.khaledosman.fr\/blog\/2024\/12\/en-attendant-que-les-larmes-se-transforment-en-ailes\/","title":{"rendered":"En attendant que les larmes se transforment en ailes"},"content":{"rendered":"<p><span style=\"font-weight: 400;\"><br \/>\n<\/span><span style=\"font-weight: 400;\">Le 16 d\u00e9cembre dernier, l&rsquo;Institut du monde arabe (IMA) \u00e0 Paris accueillait neuf po\u00e9tesses de Gaza&#8230; <\/span><span style=\"font-weight: 400;\"><br \/>\n<\/span><span style=\"font-weight: 400;\">Si le monde n&rsquo;avait pas \u00e9t\u00e9 ce qu&rsquo;il est, nous aurions eu la chance de les voir en chair et en os, de les entendre nous d\u00e9clamer elles-m\u00eames leurs magnifiques po\u00e8mes.<\/span><span style=\"font-weight: 400;\"><br \/>\n<\/span><span style=\"font-weight: 400;\">Mais si elles n&rsquo;\u00e9taient h\u00e9las pas pr\u00e9sentes sur la sc\u00e8ne, leurs mots \u00e9taient l\u00e0 et bien l\u00e0, gr\u00e2ce \u00e0 la Biblioth\u00e8que de l&rsquo;IMA qui avait pr\u00e9vu cette session exceptionnelle dans le cadre de ses \u00ab\u00a0Samedis de la po\u00e9sie\u00a0\u00bb. \u00c0 travers ces s\u00e9ances organis\u00e9es le dernier samedi de chaque mois jusqu&rsquo;\u00e0 juin 2024, et anim\u00e9es par Farouk Mardam-Bey (directeur de la collection Actes Sud\/Sindbad), la Biblioth\u00e8que entend montrer la place tr\u00e8s particuli\u00e8re que la po\u00e9sie occupe au sein de cette aire g\u00e9ographique (n&rsquo;oublions pas que les r\u00e9citals de po\u00e9sie sont capables jusqu&rsquo;\u00e0 maintenant d&rsquo;y remplir des salles enti\u00e8res), et souligner \u00ab\u00a0aussi bien l&rsquo;originalit\u00e9 que l&rsquo;universalit\u00e9 de cette pr\u00e9cieuse po\u00e9sie arabe.\u00a0\u00bb<\/span><\/p>\n<p style=\"text-align: center;\"><span style=\"font-weight: 400;\"><br \/>\n<\/span><span style=\"font-weight: 400;\"><img loading=\"lazy\" decoding=\"async\" class=\"alignnone size-medium wp-image-3215\" src=\"https:\/\/www.khaledosman.fr\/blog\/wp-content\/uploads\/2024\/12\/Screenshot_20241212_130707_Drive-300x183.jpg\" alt=\"\" width=\"300\" height=\"183\" srcset=\"https:\/\/www.khaledosman.fr\/blog\/wp-content\/uploads\/2024\/12\/Screenshot_20241212_130707_Drive-300x183.jpg 300w, https:\/\/www.khaledosman.fr\/blog\/wp-content\/uploads\/2024\/12\/Screenshot_20241212_130707_Drive-1024x625.jpg 1024w, https:\/\/www.khaledosman.fr\/blog\/wp-content\/uploads\/2024\/12\/Screenshot_20241212_130707_Drive-1536x938.jpg 1536w, https:\/\/www.khaledosman.fr\/blog\/wp-content\/uploads\/2024\/12\/Screenshot_20241212_130707_Drive-2048x1250.jpg 2048w, https:\/\/www.khaledosman.fr\/blog\/wp-content\/uploads\/2024\/12\/Screenshot_20241212_130707_Drive-560x342.jpg 560w, https:\/\/www.khaledosman.fr\/blog\/wp-content\/uploads\/2024\/12\/Screenshot_20241212_130707_Drive-260x159.jpg 260w, https:\/\/www.khaledosman.fr\/blog\/wp-content\/uploads\/2024\/12\/Screenshot_20241212_130707_Drive-160x98.jpg 160w\" sizes=\"auto, (max-width: 300px) 100vw, 300px\" \/><\/span><\/p>\n<p>&nbsp;<\/p>\n<p style=\"text-align: left;\"><span style=\"font-weight: 400;\">Au regard de l&rsquo;actualit\u00e9 que nous traversons, cette session \u00ab\u00a0Po\u00e8mes pour Gaza\u00a0\u00bb rev\u00eatait une importance unique, comme une \u00ab\u00a0preuve de vie\u00a0\u00bb arrach\u00e9e aux d\u00e9combres, \u00e0 un moment o\u00f9 l&rsquo;entreprise de destruction en cours [&#8230;]<\/span><\/p>\n<p><span style=\"font-weight: 400;\">&#8212;&#8212;&#8212;&#8211;<\/span><\/p>\n<p><span style=\"font-weight: 400;\">la suite \u00e9tait \u00e0 lire dans le magazine\u00a0 \u00ab\u00a0<a href=\"https:\/\/www.lorientlejour.com\/article\/1363034\/en-attendant-que-les-larmes-se-transforment-en-ailes.html\">L&rsquo;Orient Litt\u00e9raire<\/a>\u00a0\u00bb du 4 janvier 2024.\u00a0 <\/span><\/p>\n<p style=\"text-align: left;\"><span style=\"font-weight: 400;\">\u00a9 Khaled Osman, janvier 2024<\/span><\/p>\n","protected":false},"excerpt":{"rendered":"<p>Le 16 d\u00e9cembre dernier, l&rsquo;Institut du monde arabe (IMA) \u00e0 Paris accueillait neuf po\u00e9tesses de Gaza&#8230; Si le monde n&rsquo;avait pas \u00e9t\u00e9 ce qu&rsquo;il est, nous aurions eu la chance de les voir en chair et en os, de les&hellip;<\/p>\n<p class=\"more-link-p\"><a class=\"more-link\" href=\"https:\/\/www.khaledosman.fr\/blog\/2024\/12\/en-attendant-que-les-larmes-se-transforment-en-ailes\/\">Read more &rarr;<\/a><\/p>\n","protected":false},"author":2,"featured_media":0,"comment_status":"open","ping_status":"closed","sticky":false,"template":"","format":"standard","meta":{"footnotes":""},"categories":[5],"tags":[305,306,277,16,114],"class_list":["post-3209","post","type-post","status-publish","format-standard","hentry","category-litterature","tag-gaza","tag-institut-du-monde-arabe","tag-litterature-palestinienne","tag-palestine","tag-poesie"],"_links":{"self":[{"href":"https:\/\/www.khaledosman.fr\/blog\/wp-json\/wp\/v2\/posts\/3209","targetHints":{"allow":["GET"]}}],"collection":[{"href":"https:\/\/www.khaledosman.fr\/blog\/wp-json\/wp\/v2\/posts"}],"about":[{"href":"https:\/\/www.khaledosman.fr\/blog\/wp-json\/wp\/v2\/types\/post"}],"author":[{"embeddable":true,"href":"https:\/\/www.khaledosman.fr\/blog\/wp-json\/wp\/v2\/users\/2"}],"replies":[{"embeddable":true,"href":"https:\/\/www.khaledosman.fr\/blog\/wp-json\/wp\/v2\/comments?post=3209"}],"version-history":[{"count":4,"href":"https:\/\/www.khaledosman.fr\/blog\/wp-json\/wp\/v2\/posts\/3209\/revisions"}],"predecessor-version":[{"id":3217,"href":"https:\/\/www.khaledosman.fr\/blog\/wp-json\/wp\/v2\/posts\/3209\/revisions\/3217"}],"wp:attachment":[{"href":"https:\/\/www.khaledosman.fr\/blog\/wp-json\/wp\/v2\/media?parent=3209"}],"wp:term":[{"taxonomy":"category","embeddable":true,"href":"https:\/\/www.khaledosman.fr\/blog\/wp-json\/wp\/v2\/categories?post=3209"},{"taxonomy":"post_tag","embeddable":true,"href":"https:\/\/www.khaledosman.fr\/blog\/wp-json\/wp\/v2\/tags?post=3209"}],"curies":[{"name":"wp","href":"https:\/\/api.w.org\/{rel}","templated":true}]}}